{"id":1197,"date":"2024-12-16T18:59:51","date_gmt":"2024-12-16T17:59:51","guid":{"rendered":"https:\/\/fasciopathiesresearchfoundation.org\/2-projecte-frfp002-educacio-divulgacio-programa-de-formacio-i-certificacio-professional-en-fasciopaties\/"},"modified":"2024-12-16T19:13:30","modified_gmt":"2024-12-16T18:13:30","slug":"2-proyecto-frfp002-educacion-divulgacion-programa-de-formacion-y-certificacion-profesional-en-fasciopatias","status":"publish","type":"post","link":"https:\/\/fasciopathiesresearchfoundation.org\/es\/2-proyecto-frfp002-educacion-divulgacion-programa-de-formacion-y-certificacion-profesional-en-fasciopatias\/","title":{"rendered":"2. Proyecto FRFP002 (Educaci\u00f3n, Divulgaci\u00f3n) &#8211; Programa de formaci\u00f3n y certificaci\u00f3n profesional en fasciopat\u00edas."},"content":{"rendered":"<p>Desarrollar un programa de formaci\u00f3n y certificaci\u00f3n para los profesionales sanitarios, proporcionando conocimientos actualizados sobre el diagn\u00f3stico y tratamiento de las fasciopat\u00edas. Tambi\u00e9n se promover\u00e1 la divulgaci\u00f3n para involucrar a los profesionales en futuras investigaciones.<\/p>\n","protected":false},"excerpt":{"rendered":"<p>Desarrollar un programa de formaci\u00f3n y certificaci\u00f3n para los profesionales sanitarios, proporcionando conocimientos actualizados sobre el diagn\u00f3stico y tratamiento de las fasciopat\u00edas. Tambi\u00e9n se promover\u00e1 la divulgaci\u00f3n para involucrar a los profesionales en futuras investigaciones.<\/p>\n","protected":false},"author":1,"featured_media":0,"comment_status":"closed","ping_status":"open","sticky":false,"template":"","format":"standard","meta":{"footnotes":""},"categories":[25],"tags":[],"class_list":["post-1197","post","type-post","status-publish","format-standard","hentry","category-projectes-es"],"_links":{"self":[{"href":"https:\/\/fasciopathiesresearchfoundation.org\/es\/wp-json\/wp\/v2\/posts\/1197","targetHints":{"allow":["GET"]}}],"collection":[{"href":"https:\/\/fasciopathiesresearchfoundation.org\/es\/wp-json\/wp\/v2\/posts"}],"about":[{"href":"https:\/\/fasciopathiesresearchfoundation.org\/es\/wp-json\/wp\/v2\/types\/post"}],"author":[{"embeddable":true,"href":"https:\/\/fasciopathiesresearchfoundation.org\/es\/wp-json\/wp\/v2\/users\/1"}],"replies":[{"embeddable":true,"href":"https:\/\/fasciopathiesresearchfoundation.org\/es\/wp-json\/wp\/v2\/comments?post=1197"}],"version-history":[{"count":2,"href":"https:\/\/fasciopathiesresearchfoundation.org\/es\/wp-json\/wp\/v2\/posts\/1197\/revisions"}],"predecessor-version":[{"id":1213,"href":"https:\/\/fasciopathiesresearchfoundation.org\/es\/wp-json\/wp\/v2\/posts\/1197\/revisions\/1213"}],"wp:attachment":[{"href":"https:\/\/fasciopathiesresearchfoundation.org\/es\/wp-json\/wp\/v2\/media?parent=1197"}],"wp:term":[{"taxonomy":"category","embeddable":true,"href":"https:\/\/fasciopathiesresearchfoundation.org\/es\/wp-json\/wp\/v2\/categories?post=1197"},{"taxonomy":"post_tag","embeddable":true,"href":"https:\/\/fasciopathiesresearchfoundation.org\/es\/wp-json\/wp\/v2\/tags?post=1197"}],"curies":[{"name":"wp","href":"https:\/\/api.w.org\/{rel}","templated":true}]}}